{"id":829,"date":"2019-06-13T09:43:43","date_gmt":"2019-06-13T07:43:43","guid":{"rendered":"https:\/\/eleiana.fr\/?p=829"},"modified":"2019-06-13T09:43:43","modified_gmt":"2019-06-13T07:43:43","slug":"les-energies-du-vivant-le-vegetal","status":"publish","type":"post","link":"https:\/\/eleiana.fr\/index.php\/2019\/06\/13\/les-energies-du-vivant-le-vegetal\/","title":{"rendered":"Les \u00e9nergies du vivant &#8211; le v\u00e9g\u00e9tal"},"content":{"rendered":"<p style=\"text-align: center;\"><span style=\"color: #003300;\">Le v\u00e9g\u00e9tal<\/span><\/p>\n<p><span style=\"color: #003300;\">Au gr\u00e9 de mes promenades, je croise l&rsquo;\u00e9l\u00e9ment v\u00e9g\u00e9tal qui vient m&rsquo;aider dans mes transformations, lib\u00e9rations et \u00e9quilibrage \u00e9nerg\u00e9tique. <\/span><\/p>\n<p><span style=\"color: #003300;\">Avec mon clair ressenti, je pose mes mains \u00e0 distance et demande \u00e0 recevoir les enseignements du v\u00e9g\u00e9tal. je lui offre de l&rsquo;aider \u00e9galement s&rsquo;il en a besoin.<\/span><\/p>\n<p><span style=\"color: #003300;\">Les photos que je prends me permettent de mieux capter les pr\u00e9sences qui l&rsquo;accompagnent.<\/span><\/p>\n<p><span style=\"color: #003300;\">Je vous partage donc des \u00e9nergies du vivant qui pourront vous aider \u00e0 apaiser votre corps \u00e9motionnel. Demandez \u00e0 recevoir l&rsquo;aide dont vous avez besoin.<\/span><\/p>\n<p>&nbsp;<\/p>\n<figure id=\"attachment_830\" aria-describedby=\"caption-attachment-830\" style=\"width: 442px\" class=\"wp-caption aligncenter\"><img loading=\"lazy\" class=\"size-full wp-image-830\" src=\"https:\/\/eleiana.fr\/wp-content\/uploads\/2019\/06\/Rosecoeurpost\u00e9rise.jpg\" alt=\"\" width=\"442\" height=\"325\" srcset=\"https:\/\/eleiana.fr\/wp-content\/uploads\/2019\/06\/Rosecoeurpost\u00e9rise.jpg 442w, https:\/\/eleiana.fr\/wp-content\/uploads\/2019\/06\/Rosecoeurpost\u00e9rise-300x221.jpg 300w\" sizes=\"(max-width: 442px) 100vw, 442px\" \/><figcaption id=\"caption-attachment-830\" class=\"wp-caption-text\"><span style=\"color: #003300;\">La rose pour purifier et apaiser<\/span><\/figcaption><\/figure>\n<p>&nbsp;<\/p>\n<figure id=\"attachment_831\" aria-describedby=\"caption-attachment-831\" style=\"width: 1836px\" class=\"wp-caption aligncenter\"><img loading=\"lazy\" class=\"size-full wp-image-831\" src=\"https:\/\/eleiana.fr\/wp-content\/uploads\/2019\/06\/samajest\u00e9lepin.jpg\" alt=\"\" width=\"1836\" height=\"3264\" srcset=\"https:\/\/eleiana.fr\/wp-content\/uploads\/2019\/06\/samajest\u00e9lepin.jpg 1836w, https:\/\/eleiana.fr\/wp-content\/uploads\/2019\/06\/samajest\u00e9lepin-169x300.jpg 169w, https:\/\/eleiana.fr\/wp-content\/uploads\/2019\/06\/samajest\u00e9lepin-768x1365.jpg 768w, https:\/\/eleiana.fr\/wp-content\/uploads\/2019\/06\/samajest\u00e9lepin-576x1024.jpg 576w\" sizes=\"(max-width: 706px) 89vw, (max-width: 767px) 82vw, 740px\" \/><figcaption id=\"caption-attachment-831\" class=\"wp-caption-text\"><span style=\"color: #003300;\">Sa majest\u00e9 le pin pour lib\u00e9rer, soutenir \u00e9motionnellement et apaiser<\/span><\/figcaption><\/figure>\n<p>&nbsp;<\/p>\n","protected":false},"excerpt":{"rendered":"<p>Le v\u00e9g\u00e9tal Au gr\u00e9 de mes promenades, je croise l&rsquo;\u00e9l\u00e9ment v\u00e9g\u00e9tal qui vient m&rsquo;aider dans mes transformations, lib\u00e9rations et \u00e9quilibrage \u00e9nerg\u00e9tique. Avec mon clair ressenti, je pose mes mains \u00e0 distance et demande \u00e0 recevoir les enseignements du v\u00e9g\u00e9tal. je lui offre de l&rsquo;aider \u00e9galement s&rsquo;il en a besoin. Les photos que je prends me &hellip; <\/p>\n<p class=\"link-more\"><a href=\"https:\/\/eleiana.fr\/index.php\/2019\/06\/13\/les-energies-du-vivant-le-vegetal\/\" class=\"more-link\">Continuer la lecture<span class=\"screen-reader-text\"> de &laquo;&nbsp;Les \u00e9nergies du vivant &#8211; le v\u00e9g\u00e9tal&nbsp;&raquo;<\/span><\/a><\/p>\n","protected":false},"author":1,"featured_media":0,"comment_status":"open","ping_status":"open","sticky":false,"template":"","format":"standard","meta":[],"categories":[1],"tags":[],"_links":{"self":[{"href":"https:\/\/eleiana.fr\/index.php\/wp-json\/wp\/v2\/posts\/829"}],"collection":[{"href":"https:\/\/eleiana.fr\/index.php\/wp-json\/wp\/v2\/posts"}],"about":[{"href":"https:\/\/eleiana.fr\/index.php\/wp-json\/wp\/v2\/types\/post"}],"author":[{"embeddable":true,"href":"https:\/\/eleiana.fr\/index.php\/wp-json\/wp\/v2\/users\/1"}],"replies":[{"embeddable":true,"href":"https:\/\/eleiana.fr\/index.php\/wp-json\/wp\/v2\/comments?post=829"}],"version-history":[{"count":1,"href":"https:\/\/eleiana.fr\/index.php\/wp-json\/wp\/v2\/posts\/829\/revisions"}],"predecessor-version":[{"id":832,"href":"https:\/\/eleiana.fr\/index.php\/wp-json\/wp\/v2\/posts\/829\/revisions\/832"}],"wp:attachment":[{"href":"https:\/\/eleiana.fr\/index.php\/wp-json\/wp\/v2\/media?parent=829"}],"wp:term":[{"taxonomy":"category","embeddable":true,"href":"https:\/\/eleiana.fr\/index.php\/wp-json\/wp\/v2\/categories?post=829"},{"taxonomy":"post_tag","embeddable":true,"href":"https:\/\/eleiana.fr\/index.php\/wp-json\/wp\/v2\/tags?post=829"}],"curies":[{"name":"wp","href":"https:\/\/api.w.org\/{rel}","templated":true}]}}