{"id":810,"date":"2019-05-13T11:32:47","date_gmt":"2019-05-13T09:32:47","guid":{"rendered":"https:\/\/eleiana.fr\/?p=810"},"modified":"2019-06-13T09:32:24","modified_gmt":"2019-06-13T07:32:24","slug":"les-energies-du-vivant","status":"publish","type":"post","link":"https:\/\/eleiana.fr\/index.php\/2019\/05\/13\/les-energies-du-vivant\/","title":{"rendered":"Les \u00e9nergies du vivant"},"content":{"rendered":"<p>&nbsp;<\/p>\n<p style=\"text-align: center;\"><span style=\"color: #800080;\"><strong>L&rsquo;eau<\/strong><br \/>\n<\/span><\/p>\n<p style=\"text-align: center;\"><span style=\"color: #800080;\">L&rsquo;\u00e9nergie de l&rsquo;eau permet non seulement de se purifier mais \u00e9galement de se ressourcer. <\/span><\/p>\n<p style=\"text-align: center;\"><span style=\"color: #800080;\">J&rsquo;aime\u00a0 \u00e9couter l&rsquo;eau qui coule dans le torrent pr\u00e8s de chez moi.\u00a0 Lorsque je regarde l&rsquo;eau coul\u00e9e vers l&rsquo;aval, je sens mes pens\u00e9es s&rsquo;apaiser et puis lorsque je me tourne et regarde l&rsquo;eau coul\u00e9e en amont, je sens son \u00e9nergie me ressourcer.<\/span><\/p>\n<p style=\"text-align: center;\"><span style=\"color: #800080;\">Une petite vid\u00e9o pour faire le test.<br \/>\n<\/span><\/p>\n<p style=\"text-align: center;\"><a href=\"https:\/\/eleiana.fr\/wp-content\/uploads\/2019\/05\/purification_eau.avi\">purification_eau<\/a><\/p>\n<p>&nbsp;<\/p>\n<p style=\"text-align: center;\"><span style=\"color: #800080;\">Pensez \u00e0 remercier les pr\u00e9sences du lieu qui vous accompagne.<\/span><\/p>\n<p>&nbsp;<\/p>\n<p>&nbsp;<\/p>\n<p style=\"text-align: center;\">\n<div class=\"text_exposed_show\">\n<p>&nbsp;<\/p>\n<\/div>\n<p>&nbsp;<\/p>\n<p>&nbsp;<\/p>\n","protected":false},"excerpt":{"rendered":"<p>&nbsp; L&rsquo;eau L&rsquo;\u00e9nergie de l&rsquo;eau permet non seulement de se purifier mais \u00e9galement de se ressourcer. J&rsquo;aime\u00a0 \u00e9couter l&rsquo;eau qui coule dans le torrent pr\u00e8s de chez moi.\u00a0 Lorsque je regarde l&rsquo;eau coul\u00e9e vers l&rsquo;aval, je sens mes pens\u00e9es s&rsquo;apaiser et puis lorsque je me tourne et regarde l&rsquo;eau coul\u00e9e en amont, je sens son &hellip; <\/p>\n<p class=\"link-more\"><a href=\"https:\/\/eleiana.fr\/index.php\/2019\/05\/13\/les-energies-du-vivant\/\" class=\"more-link\">Continuer la lecture<span class=\"screen-reader-text\"> de &laquo;&nbsp;Les \u00e9nergies du vivant&nbsp;&raquo;<\/span><\/a><\/p>\n","protected":false},"author":1,"featured_media":0,"comment_status":"open","ping_status":"open","sticky":false,"template":"","format":"standard","meta":[],"categories":[1],"tags":[],"_links":{"self":[{"href":"https:\/\/eleiana.fr\/index.php\/wp-json\/wp\/v2\/posts\/810"}],"collection":[{"href":"https:\/\/eleiana.fr\/index.php\/wp-json\/wp\/v2\/posts"}],"about":[{"href":"https:\/\/eleiana.fr\/index.php\/wp-json\/wp\/v2\/types\/post"}],"author":[{"embeddable":true,"href":"https:\/\/eleiana.fr\/index.php\/wp-json\/wp\/v2\/users\/1"}],"replies":[{"embeddable":true,"href":"https:\/\/eleiana.fr\/index.php\/wp-json\/wp\/v2\/comments?post=810"}],"version-history":[{"count":5,"href":"https:\/\/eleiana.fr\/index.php\/wp-json\/wp\/v2\/posts\/810\/revisions"}],"predecessor-version":[{"id":828,"href":"https:\/\/eleiana.fr\/index.php\/wp-json\/wp\/v2\/posts\/810\/revisions\/828"}],"wp:attachment":[{"href":"https:\/\/eleiana.fr\/index.php\/wp-json\/wp\/v2\/media?parent=810"}],"wp:term":[{"taxonomy":"category","embeddable":true,"href":"https:\/\/eleiana.fr\/index.php\/wp-json\/wp\/v2\/categories?post=810"},{"taxonomy":"post_tag","embeddable":true,"href":"https:\/\/eleiana.fr\/index.php\/wp-json\/wp\/v2\/tags?post=810"}],"curies":[{"name":"wp","href":"https:\/\/api.w.org\/{rel}","templated":true}]}}